{"id":494,"date":"2024-09-03T22:53:04","date_gmt":"2024-09-03T22:53:04","guid":{"rendered":"https:\/\/dmxtravel.com\/?p=494"},"modified":"2025-05-15T05:49:01","modified_gmt":"2025-05-15T05:49:01","slug":"giuseppe-peppino-garibaldi","status":"publish","type":"post","link":"https:\/\/dmxtravel.com\/es\/giuseppe-peppino-garibaldi\/","title":{"rendered":"\u00a0Giuseppe Peppino Garibaldi"},"content":{"rendered":"\n<div style=\"height:60px\" aria-hidden=\"true\" class=\"wp-block-spacer\"><\/div>\n\n\n\n<p>Giussepe Peppino Garibaldi, un guerrero internacional que luch\u00f3 junto a Madero. Actualmente, una de las plazas m\u00e1s famosas de la CDMX lleva su nombre.<\/p>\n\n\n\n<p>Una de las plazas m\u00e1s populares de la Ciudad de M\u00e9xico es Garibaldi, mundialmente famosa por albergar a una gran cantidad de m\u00fasicos, por sus cantinas cl\u00e1sicas y por el&nbsp;Museo del Tequila.&nbsp;Existen dos teorias respecto a como este ic\u00f3nico lugar del Centro Hist\u00f3rico recibe su nombre, una es que es en honor de&nbsp;<strong>Giuseppe Peppino Garibaldi,&nbsp;<\/strong>un h\u00e9roe extranjero de la Revoluci\u00f3n Mexicana que pocas veces es recordado y otra que es por su abuelo, <strong>Giuseppe Garibaldi<\/strong> (1807-1882), una de las figuras m\u00e1s emblem\u00e1ticas del Risorgimento, el proceso de unificaci\u00f3n de Italia en el siglo XIX.<\/p>\n\n\n\n<p>Tambi\u00e9n conocido como Jos\u00e9 Garibaldi, no debe ser confundido con su abuelo hom\u00f3nimo, el m\u00edtico Giuseppe Garibaldi (1807-1882) que ayud\u00f3 a unificar Italia. Peppino naci\u00f3 el 29 de julio de 1879 en&nbsp;<a href=\"https:\/\/es.wikipedia.org\/wiki\/Melbourne\" target=\"_blank\" rel=\"noopener\">Melbourne<\/a>,&nbsp;Australia, y fue hijo del uruguayo&nbsp;<strong>Ricciotti Garibaldi<\/strong>&nbsp;y la inglesa Costance Hopcraft. Del mismo modo que su padre y abuelo, desde su juventud estuvo involucrado en actividades b\u00e9licas.<\/p>\n\n\n\n<p>Junto a su padre combati\u00f3 en guerra Greco-Turca y, posteriormente, viaj\u00f3 a Sudam\u00e9rica, territorio ya recorrido ampliamente por su abuelo y padre. Se estableci\u00f3 temporalmente en Buenos Aires. Tambi\u00e9n particip\u00f3 en el Ej\u00e9rcito Brit\u00e1nico en la&nbsp;<strong>guerras de Liberaci\u00f3n<\/strong>&nbsp;de los b\u00f3eres y en la Revoluci\u00f3n Libertadora, donde combati\u00f3 a Cipriano Castro.<\/p>\n\n\n\n<p>Tras un periodo de tranquilidad, en el que pudo evitar adentrarse en un conflicto b\u00e9lico, Peppino Garibaldi lleg\u00f3 a M\u00e9xico y se incorpor\u00f3 a las fuerzas de Francisco I. Madero. Su llegada no fue bien vista por todos los revolucionarios, quienes con \u00edmpetu nacionalista reclamaron la incorporaci\u00f3n de un extranjero. La oposici\u00f3n a su presencia fue manifestada por&nbsp;Pascual Orozco&nbsp;y Francisco Villa, sin embargo, Francisco I. Madero la defendi\u00f3 haciendo una comparaci\u00f3n del combate de Lafayette junto a George Washington o de Francisco Xavier Mina, nacido en Espa\u00f1a, a favor de la Independencia de M\u00e9xico.<\/p>\n\n\n\n<p>Cabe destacar que Peppino Garibaldi no era el \u00fanico extranjero, de hecho se trataba de un grupo de aproximadamente cuarenta personas de distintas nacionalidades. Por ello, Madero lo nombr\u00f3 jefe de la \u00abLegi\u00f3n Extranjera\u00bb.<\/p>\n\n\n\n<blockquote class=\"wp-block-quote is-layout-flow wp-block-quote-is-layout-flow\">\n<p>\u201cEl abuelo y a\u00fan el padre del se\u00f1or Garibaldi, siempre han puesto su espada al servicio de los oprimidos; por tal motivo \u00e9l no ha hecho sino seguir el noble ejemplo de sus antepasados\u2026\u201d<\/p>\n<\/blockquote>\n\n\n\n<p>Sus primeras incursiones militares en M\u00e9xico fueron las batalla de Casas Grandes y Ciudad Ju\u00e1rez, donde combati\u00f3 junto a Eduardo y Ra\u00fal Madero, ambos hermanos de Francisco I. Madero. Cuando las fuerzas del Partido Liberal Mexicano triunfaron e ingresaron a la Ciudad de M\u00e9xico, Giuseppe Peppino Garibaldi acompa\u00f1\u00f3 a Madero en el auto.<\/p>\n\n\n\n<p>Inicialmente viaj\u00f3 a Estados Unidos como comunicador de Madero, pero fue llamado por su padre para luchar del otro lado del mundo. Entonces se dirigi\u00f3 a Los Balcanes para participar en la guerra contra Turqu\u00eda. Posteriormente, form\u00f3 la Legione Garibaldina, misma que se uni\u00f3 a la Legi\u00f3n Francesa durante la Primera Guerra Mundial, donde luch\u00f3 como comandante. Tiempo despu\u00e9s la legi\u00f3n se uni\u00f3 a las fuerzas Ej\u00e9rcito Real Italiano, donde tuvo el grado de General Brigadier hasta su retirada en 1919.<\/p>\n\n\n\n<figure class=\"wp-block-image\"><img fetchpriority=\"high\" decoding=\"async\" width=\"620\" height=\"960\" src=\"https:\/\/dmxtravel.com\/wp-content\/uploads\/2024\/09\/image-1.jpeg\" alt=\"Ricciotti Garibaldi e Peppino Garibaldi \u2013 LaMaddalena.info\" class=\"wp-image-496\" title=\"\" srcset=\"https:\/\/dmxtravel.com\/wp-content\/uploads\/2024\/09\/image-1.jpeg 620w, https:\/\/dmxtravel.com\/wp-content\/uploads\/2024\/09\/image-1-194x300.jpeg 194w, https:\/\/dmxtravel.com\/wp-content\/uploads\/2024\/09\/image-1-600x929.jpeg 600w\" sizes=\"(max-width: 620px) 100vw, 620px\" \/><\/figure>\n\n\n\n<p>En 1922, Peppino Garibaldi combati\u00f3 el fascismo de Benito Mussolini, pero no tuvo \u00e9xito. Desde entonces, se mantuvo algunas temporadas en Estados Unidos y otras en Europa, hasta que fue detenido por los nazis durante el periodo de 1943 a 1945. Posteriormente fue liberado y regres\u00f3 a Roma, donde muri\u00f3 en 1950<\/p>\n\n\n\n\n","protected":false},"excerpt":{"rendered":"<p>Nieto de h\u00e9roe italiano y l\u00edder de la Legi\u00f3n Extranjera en las fuerzas de Francisco I. Madero.<\/p>\n","protected":false},"author":1,"featured_media":499,"comment_status":"open","ping_status":"open","sticky":false,"template":"","format":"standard","meta":{"_joinchat":[],"footnotes":""},"categories":[4],"tags":[],"class_list":["post-494","post","type-post","status-publish","format-standard","has-post-thumbnail","hentry","category-historia"],"blocksy_meta":[],"_links":{"self":[{"href":"https:\/\/dmxtravel.com\/es\/wp-json\/wp\/v2\/posts\/494","targetHints":{"allow":["GET"]}}],"collection":[{"href":"https:\/\/dmxtravel.com\/es\/wp-json\/wp\/v2\/posts"}],"about":[{"href":"https:\/\/dmxtravel.com\/es\/wp-json\/wp\/v2\/types\/post"}],"author":[{"embeddable":true,"href":"https:\/\/dmxtravel.com\/es\/wp-json\/wp\/v2\/users\/1"}],"replies":[{"embeddable":true,"href":"https:\/\/dmxtravel.com\/es\/wp-json\/wp\/v2\/comments?post=494"}],"version-history":[{"count":0,"href":"https:\/\/dmxtravel.com\/es\/wp-json\/wp\/v2\/posts\/494\/revisions"}],"wp:featuredmedia":[{"embeddable":true,"href":"https:\/\/dmxtravel.com\/es\/wp-json\/wp\/v2\/media\/499"}],"wp:attachment":[{"href":"https:\/\/dmxtravel.com\/es\/wp-json\/wp\/v2\/media?parent=494"}],"wp:term":[{"taxonomy":"category","embeddable":true,"href":"https:\/\/dmxtravel.com\/es\/wp-json\/wp\/v2\/categories?post=494"},{"taxonomy":"post_tag","embeddable":true,"href":"https:\/\/dmxtravel.com\/es\/wp-json\/wp\/v2\/tags?post=494"}],"curies":[{"name":"wp","href":"https:\/\/api.w.org\/{rel}","templated":true}]}}